{"id":1023,"date":"2018-11-23T14:18:00","date_gmt":"2018-11-23T14:18:00","guid":{"rendered":"http:\/\/www.emades.ubi.pt\/?post_type=news&#038;p=1023"},"modified":"2018-11-23T14:21:34","modified_gmt":"2018-11-23T14:21:34","slug":"inovacao-industrial-no-seminario","status":"publish","type":"news","link":"https:\/\/emades.ubi.pt\/index.php\/news\/inovacao-industrial-no-seminario\/","title":{"rendered":"Inovac\u0327a\u0303o Industrial em destaque no Semina\u0301rio do EMaDeS"},"content":{"rendered":"<p>A inova\u00e7\u00e3o industrial foi a tem\u00e1tica que esteve em debate no Semin\u00e1rio do EMaDeS, que decorreu na passada quarta-feira, dia 14 de novembro, na Faculdade de Engenharia da Universidade da Beira Interior (UBI). O evento contou com a participa\u00e7\u00e3o de duas oradoras, S\u00f3nia de Brito e S\u00f3nia Vieira, ambas investigadoras do EMaDeS, que explicaram em que consiste a investiga\u00e7\u00e3o que se encontram, presentemente, a desenvolver.<\/p>\n<p>Com a comunica\u00e7\u00e3o intitulada \u201cEcossistemas Empreendedores, Inovadores e Sustent\u00e1veis (2EIS): Revis\u00e3o Sistem\u00e1tica da Literatura\u201d, S\u00f3nia de Brito apresentou uma revis\u00e3o da literatura sobre a tem\u00e1tica dos ecossistemas empreendedores. Tamb\u00e9m deu a conhecer os m\u00e9todos utilizados para a conclus\u00e3o desta fase inicial do seu trabalho, que ter\u00e1 como pr\u00f3xima etapa \u201cidentificar a concentra\u00e7\u00e3o espacial dos ecossistemas empreendedores a n\u00edvel nacional, mas ainda mais especificamente na Regi\u00e3o Centro\u201d, refere a estudante de Doutoramento em Engenharia e Gest\u00e3o Industrial.<\/p>\n<p>De acordo com a investigadora, os ecossistemas empreendedores contribuem para o aumento da inova\u00e7\u00e3o e competitividade da regi\u00e3o onde est\u00e3o instalados. \u201cOs ecossistemas empreendedores v\u00e3o estimular o desenvolvimento empresarial e a inova\u00e7\u00e3o, porque vai existir o crescimento de startups, de novas ideias de neg\u00f3cio, e isso ser\u00e1 uma mais-valia para a sociedade na medida em que se existir a cria\u00e7\u00e3o de uma startup ou a implementa\u00e7\u00e3o de uma ideia de neg\u00f3cio, o desemprego nessa regi\u00e3o certamente que vai diminuir\u201d, destaca S\u00f3nia de Brito.<\/p>\n<p>Nesta iniciativa, S\u00f3nia Vieira foi respons\u00e1vel por ministrar um workshop interativo sobre \u2018Criatividade &#8211; M\u00e9todos e T\u00e9cnicas\u2019 com foco na Engenharia e Gest\u00e3o Industrial. A investigadora de p\u00f3s &#8211; Doutoramento mostrou a revis\u00e3o da literatura que tem vindo a elaborar sobre a forma como a criatividade tem sido abordada ao longo de cem anos de investiga\u00e7\u00e3o. Segundo S\u00f3nia Vieira, na atualidade os estudos cient\u00edficos est\u00e3o focados no \u201cconhecimento dos processos mentais para a criatividade e na necessidade de se conseguir ativar estrat\u00e9gias inerentes a cada um de n\u00f3s para deixarmos fluir a criatividade, sem a restringir\u201d.<\/p>\n<p>De resto, a pesquisadora revela que, atualmente, se encontra a realizar estudos que \u201ccruzam m\u00e9todos oriundos das neuroci\u00eancias com a investiga\u00e7\u00e3o em Design\u201d e que, a longo prazo, poder\u00e3o \u201cajudar na cria\u00e7\u00e3o de algoritmos, no conhecimento sobre os processos cognitivos que est\u00e3o por detr\u00e1s do desenvolvimento de servi\u00e7os, de software, de interfaces, entre outros\u201d. S\u00f3nia Vieira acredita que esta investiga\u00e7\u00e3o em Design ir\u00e1 dar um forte contributo para suprimir uma das lacunas que existe nas neuroci\u00eancias: a falta do conhecimento dos processos mentais normais. \u201cA partir do momento em que, atrav\u00e9s da tecnologia do Eletroencefalograma (EEG) ou outra, conseguimos identificar padr\u00f5es, frequ\u00eancias de pensamento no Design, estamos a contribuir para um entendimento dos processos normais mentais dos quais a neuroci\u00eancia por norma n\u00e3o se ocupa, uma vez que trata dos processos em que h\u00e1 problemas de desordens mentais ou deficits cognitivos\u201d, adianta.<\/p>\n<p>Com estes semin\u00e1rios, pretende-se divulgar, junto da comunidade acad\u00e9mica e da sociedade em geral, os progressos cient\u00edficos que est\u00e3o a ser alcan\u00e7ados no \u00e2mbito deste projeto de investiga\u00e7\u00e3o e os m\u00e9todos de trabalho utilizados. Al\u00e9m disso, procura-se tamb\u00e9m consciencializar para o contributo que esta pesquisa ir\u00e1 dar para melhorar a qualidade de vida da popula\u00e7\u00e3o. O evento foi organizado pelo grupo de trabalho da \u201cOtimiza\u00e7\u00e3o de Produtos e Inova\u00e7\u00e3o Tecnol\u00f3gica Incluindo Recursos End\u00f3genos\u201d (pacote de trabalho WP3) e \u00e9 o primeiro de um conjunto de semin\u00e1rios do EMaDeS que ser\u00e3o realizados quinzenalmente, at\u00e9 ao t\u00e9rmino do projeto de investiga\u00e7\u00e3o.<\/p>\n","protected":false},"excerpt":{"rendered":"<p>A inova\u00e7\u00e3o industrial foi a tem\u00e1tica que esteve em debate no Semin\u00e1rio do EMaDeS, que decorreu na passada quarta-feira, dia 14 de novembro, na Faculdade de Engenharia da Universidade da Beira Interior (UBI). O evento contou com a participa\u00e7\u00e3o de duas oradoras, S\u00f3nia de Brito e S\u00f3nia Vieira, ambas investigadoras do EMaDeS, que explicaram em que consiste a investiga\u00e7\u00e3o que se encontram, presentemente, a desenvolver.<\/p>\n","protected":false},"author":1,"featured_media":1020,"comment_status":"open","ping_status":"closed","template":"","tags":[],"news-category":[],"_links":{"self":[{"href":"https:\/\/emades.ubi.pt\/index.php\/wp-json\/wp\/v2\/news\/1023"}],"collection":[{"href":"https:\/\/emades.ubi.pt\/index.php\/wp-json\/wp\/v2\/news"}],"about":[{"href":"https:\/\/emades.ubi.pt\/index.php\/wp-json\/wp\/v2\/types\/news"}],"author":[{"embeddable":true,"href":"https:\/\/emades.ubi.pt\/index.php\/wp-json\/wp\/v2\/users\/1"}],"replies":[{"embeddable":true,"href":"https:\/\/emades.ubi.pt\/index.php\/wp-json\/wp\/v2\/comments?post=1023"}],"version-history":[{"count":0,"href":"https:\/\/emades.ubi.pt\/index.php\/wp-json\/wp\/v2\/news\/1023\/revisions"}],"wp:featuredmedia":[{"embeddable":true,"href":"https:\/\/emades.ubi.pt\/index.php\/wp-json\/wp\/v2\/media\/1020"}],"wp:attachment":[{"href":"https:\/\/emades.ubi.pt\/index.php\/wp-json\/wp\/v2\/media?parent=1023"}],"wp:term":[{"taxonomy":"post_tag","embeddable":true,"href":"https:\/\/emades.ubi.pt\/index.php\/wp-json\/wp\/v2\/tags?post=1023"},{"taxonomy":"news-category","embeddable":true,"href":"https:\/\/emades.ubi.pt\/index.php\/wp-json\/wp\/v2\/news-category?post=1023"}],"curies":[{"name":"wp","href":"https:\/\/api.w.org\/{rel}","templated":true}]}}