{"id":1579,"date":"2019-06-21T10:04:55","date_gmt":"2019-06-21T10:04:55","guid":{"rendered":"http:\/\/www.emades.ubi.pt\/?post_type=news&#038;p=1579"},"modified":"2019-06-21T10:11:01","modified_gmt":"2019-06-21T10:11:01","slug":"iii-seminario-do-emades-na-ubi","status":"publish","type":"news","link":"https:\/\/emades.ubi.pt\/index.php\/news\/iii-seminario-do-emades-na-ubi\/","title":{"rendered":"III Semin\u00e1rio do EMaDeS na UBI"},"content":{"rendered":"<p>O III Semin\u00e1rio do EMaDeS vai decorrer na pr\u00f3xima ter\u00e7a-feira, dia 25 de junho, na Sala dos Conselhos da Faculdade de Engenharia da Universidade da Beira Interior (UBI). O evento visa promover, junto da comunidade acad\u00e9mica e do p\u00fablico em geral, os progressos cient\u00edficos que est\u00e3o a ser alcan\u00e7ados no \u00e2mbito do projeto de investiga\u00e7\u00e3o EMaDeS-Energia, Materiais e Desenvolvimento Sustent\u00e1vel; dar conta dos m\u00e9todos de trabalho utilizados e consciencializar para a import\u00e2ncia da pesquisa para o desenvolvimento econ\u00f3mico e social da sociedade.<\/p>\n<p>A iniciativa, que se pretende afirmar como um espa\u00e7o de debate de ideias, tem como oradores tr\u00eas investigadores do EMaDeS: Marco da Silva, Pedro Carneiro e Vasily Nikonov. O semin\u00e1rio tem in\u00edcio agendado para as 14h30, com a comunica\u00e7\u00e3o intitulada \u201cViscoelastic behavior of nanocomposites\u201d, proferida por Marco da Silva. Posteriormente, segue-se a interven\u00e7\u00e3o de Pedro Carneiro, que possui como t\u00edtulo \u201cMethodology to reconstruct a 3D microstructure and numerical calculation of elastic modulus of real ZTA ceramic composites\u201d. Por \u00faltimo, ser\u00e1 a vez de Vasily Nikonov apresentar a comunica\u00e7\u00e3o designada \u201cSpace tethers on small celestial bodies\u201d.A sess\u00e3o \u00e9 organizada pelo grupo de trabalho de \u201cMateriais Avan\u00e7ados\u201d (pacote de trabalho WP2) e faz parte de um conjunto de semin\u00e1rios, no \u00e2mbito do EMaDeS, que est\u00e3o a ser realizados ao longo de todo o per\u00edodo de dura\u00e7\u00e3o do projeto. De um modo geral, o EMaDeS visa aumentar a investiga\u00e7\u00e3o cient\u00edfica e a qualifica\u00e7\u00e3o dos recursos humanos de alto n\u00edvel nas \u00e1reas da Energia, Materiais e Desenvolvimento Sustent\u00e1vel; promover a transfer\u00eancia de tecnologia e melhorar a divulga\u00e7\u00e3o e comunica\u00e7\u00e3o da ci\u00eancia.De resto, o projeto de investiga\u00e7\u00e3o, cuja dota\u00e7\u00e3o or\u00e7amental \u00e9 de 1,4 milh\u00f5es de euros, est\u00e1 a ser desenvolvido no Centre for Mechanical and Aerospace Science and Technologies (C-MAST), em colabora\u00e7\u00e3o com o Fiber Materials and Environmental Technologies (FibEnTech) e LabCom.IFP- Communication, Philosophy and Humanities. O programa, que teve in\u00edcio no ano de 2017 e que se prolonga at\u00e9 2020, \u00e9 apoiado por verbas comunit\u00e1rias inscritas no Portugal 2020.<\/p>\n","protected":false},"excerpt":{"rendered":"<p>O III Semin\u00e1rio do EMaDeS vai decorrer na pr\u00f3xima ter\u00e7a-feira, dia 25 de junho, na Sala dos Conselhos da Faculdade de Engenharia da Universidade da Beira Interior (UBI). O evento visa promover, junto da comunidade acad\u00e9mica e do p\u00fablico em geral, os progressos cient\u00edficos que est\u00e3o a ser alcan\u00e7ados no \u00e2mbito do projeto de investiga\u00e7\u00e3o EMaDeS-Energia, Materiais e Desenvolvimento Sustent\u00e1vel; dar conta dos m\u00e9todos de trabalho utilizados e consciencializar para a import\u00e2ncia da pesquisa para o desenvolvimento econ\u00f3mico e social da sociedade.<\/p>\n","protected":false},"author":1,"featured_media":1580,"comment_status":"open","ping_status":"closed","template":"","tags":[],"news-category":[],"_links":{"self":[{"href":"https:\/\/emades.ubi.pt\/index.php\/wp-json\/wp\/v2\/news\/1579"}],"collection":[{"href":"https:\/\/emades.ubi.pt\/index.php\/wp-json\/wp\/v2\/news"}],"about":[{"href":"https:\/\/emades.ubi.pt\/index.php\/wp-json\/wp\/v2\/types\/news"}],"author":[{"embeddable":true,"href":"https:\/\/emades.ubi.pt\/index.php\/wp-json\/wp\/v2\/users\/1"}],"replies":[{"embeddable":true,"href":"https:\/\/emades.ubi.pt\/index.php\/wp-json\/wp\/v2\/comments?post=1579"}],"version-history":[{"count":0,"href":"https:\/\/emades.ubi.pt\/index.php\/wp-json\/wp\/v2\/news\/1579\/revisions"}],"wp:featuredmedia":[{"embeddable":true,"href":"https:\/\/emades.ubi.pt\/index.php\/wp-json\/wp\/v2\/media\/1580"}],"wp:attachment":[{"href":"https:\/\/emades.ubi.pt\/index.php\/wp-json\/wp\/v2\/media?parent=1579"}],"wp:term":[{"taxonomy":"post_tag","embeddable":true,"href":"https:\/\/emades.ubi.pt\/index.php\/wp-json\/wp\/v2\/tags?post=1579"},{"taxonomy":"news-category","embeddable":true,"href":"https:\/\/emades.ubi.pt\/index.php\/wp-json\/wp\/v2\/news-category?post=1579"}],"curies":[{"name":"wp","href":"https:\/\/api.w.org\/{rel}","templated":true}]}}