{"id":1875,"date":"2021-01-13T09:46:59","date_gmt":"2021-01-13T09:46:59","guid":{"rendered":"http:\/\/www.emades.ubi.pt\/?post_type=news&#038;p=1875"},"modified":"2021-01-13T09:51:54","modified_gmt":"2021-01-13T09:51:54","slug":"emades-um-projeto-empenhado-em-aumentar-a-competitividade-das-empresas-da-regiao-centro","status":"publish","type":"news","link":"https:\/\/emades.ubi.pt\/index.php\/news\/emades-um-projeto-empenhado-em-aumentar-a-competitividade-das-empresas-da-regiao-centro\/","title":{"rendered":"EMaDeS: Um projeto empenhado em aumentar a competitividade das empresas da  Regi\u00e3o Centro"},"content":{"rendered":"<p>O projeto de investiga\u00e7\u00e3o EMaDeS- Energia, Materiais e DesenvolvimentoSustent\u00e1vel, que est\u00e1 a ser desenvolvido na Universidade da Beira Interior (UBI), tem apostado em colocar o conhecimento cient\u00edfico, que se produz em ambiente acad\u00e9mico, ao dispor das empresas da Regi\u00e3o Centro, contribuindo, assim, para aumentar o seu n\u00edvel de competitividade e produtividade.<br \/>\nDe um modo geral, o EMaDeS pretende, atrav\u00e9s de processos altamente inovadores, aumentar o conhecimento cient\u00edfico nas \u00e1reas relacionadas com a energia, materiais e desenvolvimento sustent\u00e1vel e transferir o saber gerado para o tecido empresarial da Regi\u00e3o Centro. Para tal, desde o ano de 2017, que os seus investigadores t\u00eam trabalhado em colabora\u00e7\u00e3o com variadas empresas desta zona do pa\u00eds, com o<br \/>\nobjetivo de identificarem as suas necessidades\/problemas e contribu\u00edrem com solu\u00e7\u00f5es ao n\u00edvel da melhoria da efici\u00eancia energ\u00e9tica em sistemas e m\u00e1quinas, materiais avan\u00e7ados e optimiza\u00e7\u00e3o do produto e inova\u00e7\u00e3o tecnol\u00f3gica incluindo recursos end\u00f3genos (estas que s\u00e3o as tr\u00eas linhas de investiga\u00e7\u00e3o do projeto). Assim sendo, os investigadores do EMaDeS t\u00eam apresentado propostas que visam a produ\u00e7\u00e3o de energia de forma sustent\u00e1vel e redu\u00e7\u00e3o do seu consumo; o desenvolvimento de materiais nano estruturados, com optimiza\u00e7\u00e3o das suas propriedades com o intuito de melhorar o seu desempenho e durabilidade, mesmo sob condi\u00e7\u00f5es operacionais adversas e redu\u00e7\u00e3o<br \/>\nde custos e otimiza\u00e7\u00e3o da produ\u00e7\u00e3o, tanto em termos de produtos como de processos, com \u00eanfase na inova\u00e7\u00e3o tecnol\u00f3gica e no uso racional dos recursos naturais, incluindo \u00e1gua e floresta.<br \/>\nPara al\u00e9m das tr\u00eas linhas de investiga\u00e7\u00e3o j\u00e1 referidas, o EMaDeS possui um outro eixo de pesquisa intitulado comunica\u00e7\u00e3o e dissemina\u00e7\u00e3o, que est\u00e1 encarregue de divulgar as v\u00e1rias actividades e resultados do projecto para a comunidade cient\u00edfica, sociedade em geral e ind\u00fastria e por desenvolver investiga\u00e7\u00e3o sobre o processo comunicacional entre academia e ind\u00fastria durante a transfer\u00eancia de conhecimento e<br \/>\ntecnologia. Esta linha de pesquisa est\u00e1 a cargo da unidade de investiga\u00e7\u00e3o LabCom-Comunica\u00e7\u00e3o e Artes.<br \/>\nO projeto \u00e9 apoiado por verbas comunit\u00e1rias inscritas no Portugal 2020 e tem coordena\u00e7\u00e3o do Centre for Mechanical and Aerospace Science and Technologies (C- MAST), envolvendo mais duas unidades de investiga\u00e7\u00e3o da UBI, respectivamente o Fiber Materials and Environmental Technologies (FibEnTech) e LabCom-Comunica\u00e7\u00e3o e Artes.<\/p>\n","protected":false},"excerpt":{"rendered":"<p>O projeto de investiga\u00e7\u00e3o EMaDeS- Energia, Materiais e DesenvolvimentoSustent\u00e1vel, que est\u00e1 a ser desenvolvido na Universidade da Beira Interior (UBI), tem apostado em colocar o conhecimento cient\u00edfico, que se produz em ambiente acad\u00e9mico, ao dispor das empresas da Regi\u00e3o Centro, contribuindo, assim, para aumentar o seu n\u00edvel de competitividade e produtividade.<\/p>\n","protected":false},"author":1,"featured_media":422,"comment_status":"open","ping_status":"closed","template":"","tags":[],"news-category":[],"_links":{"self":[{"href":"https:\/\/emades.ubi.pt\/index.php\/wp-json\/wp\/v2\/news\/1875"}],"collection":[{"href":"https:\/\/emades.ubi.pt\/index.php\/wp-json\/wp\/v2\/news"}],"about":[{"href":"https:\/\/emades.ubi.pt\/index.php\/wp-json\/wp\/v2\/types\/news"}],"author":[{"embeddable":true,"href":"https:\/\/emades.ubi.pt\/index.php\/wp-json\/wp\/v2\/users\/1"}],"replies":[{"embeddable":true,"href":"https:\/\/emades.ubi.pt\/index.php\/wp-json\/wp\/v2\/comments?post=1875"}],"version-history":[{"count":1,"href":"https:\/\/emades.ubi.pt\/index.php\/wp-json\/wp\/v2\/news\/1875\/revisions"}],"predecessor-version":[{"id":1876,"href":"https:\/\/emades.ubi.pt\/index.php\/wp-json\/wp\/v2\/news\/1875\/revisions\/1876"}],"wp:featuredmedia":[{"embeddable":true,"href":"https:\/\/emades.ubi.pt\/index.php\/wp-json\/wp\/v2\/media\/422"}],"wp:attachment":[{"href":"https:\/\/emades.ubi.pt\/index.php\/wp-json\/wp\/v2\/media?parent=1875"}],"wp:term":[{"taxonomy":"post_tag","embeddable":true,"href":"https:\/\/emades.ubi.pt\/index.php\/wp-json\/wp\/v2\/tags?post=1875"},{"taxonomy":"news-category","embeddable":true,"href":"https:\/\/emades.ubi.pt\/index.php\/wp-json\/wp\/v2\/news-category?post=1875"}],"curies":[{"name":"wp","href":"https:\/\/api.w.org\/{rel}","templated":true}]}}