{"id":423,"date":"2018-10-26T15:41:09","date_gmt":"2018-10-26T15:41:09","guid":{"rendered":"http:\/\/www.emades.ubi.pt\/?p=423"},"modified":"2018-11-21T15:43:23","modified_gmt":"2018-11-21T15:43:23","slug":"investigadores-do-emades-apresentam-resultados-preliminares-de-investigacao","status":"publish","type":"post","link":"https:\/\/emades.ubi.pt\/index.php\/2018\/10\/26\/investigadores-do-emades-apresentam-resultados-preliminares-de-investigacao\/","title":{"rendered":"Investigadores do EMaDeS apresentam resultados preliminares de investiga\u00e7\u00e3o"},"content":{"rendered":"<p><img fetchpriority=\"high\" decoding=\"async\" class=\"size-full wp-image-421 aligncenter\" src=\"http:\/\/www.emades.ubi.pt\/wp-content\/uploads\/2018\/10\/EMaDeS2a-2.png\" alt=\"\" width=\"780\" height=\"134\" \/><\/p>\n<p>Os Investigadores do projecto de Investiga\u00e7\u00e3o EMaDeS \u2013 Energia, Materiais e Desenvolvimento Sustent\u00e1vel, mostram \u00e0 comunidade acad\u00e9mica e \u00e0 sociedade em geral os resultados\/avan\u00e7os cient\u00edficos alcan\u00e7ados, at\u00e9 ao momento, no \u00e2mbito da pesquisa que est\u00e3o a realizar. Os resultados ser\u00e3o apresentados no Workshop Energia, Materiais e Desenvolvimento Sustent\u00e1vel &#8211; EMaDeS 2018, que decorre no dia 29 de outubro, segunda-feira, na Faculdade de Engenharia da Universidade da Beira Interior (UBI).<\/p>\n<p>Nesta sess\u00e3o, agendada para o Anfiteatro 8.1, os investigadores ter\u00e3o a possibilidade de explicar em que etapa se encontra a pesquisa na qual se encontram a trabalhar desde 2017, ano em que arrancou o projecto EMaDeS. Al\u00e9m disso, esta \u00e9 tamb\u00e9m uma forma de fomentar os fluxos comunicacionais entre os membros da equipa deste projeto, a comunidade acad\u00e9mica e o p\u00fablico em geral.<\/p>\n<p>O Workshop tem in\u00edcio \u00e0s 10 horas, no anfiteatro 8.1, com a sess\u00e3o de abertura, que estar\u00e1 a cargo da coordenadora do projecto, Anna Guerman. Seguidamente, os coordenadores dos quatro grupos de trabalho (Melhoria da Efici\u00eancia Energ\u00e9tica em Sistemas e M\u00e1quinas; Materiais Avan\u00e7ados; Otimiza\u00e7\u00e3o do Produto e Inova\u00e7\u00e3o Tecnol\u00f3gica Incluindo Recursos End\u00f3genos e Comunica\u00e7\u00e3o e Dissemina\u00e7\u00e3o) \u00a0\u00a0\u00a0\u00a0apresentam as tarefas que t\u00eam sido concretizadas no \u00e2mbito deste projecto. Por \u00faltimo,\u00a0 \u00e9 a vez de os investigadores do EMaDeS mostrarem alguns resultados preliminares da investiga\u00e7\u00e3o que se encontram, ainda, a realizar. O evento termina \u00e0s 17 horas.<\/p>\n<p>De real\u00e7ar, que o EMaDeS possui tr\u00eas linhas de investiga\u00e7\u00e3o, respectivamente, Melhoria da Efici\u00eancia Energ\u00e9tica em Sistemas e M\u00e1quinas; Materiais Avan\u00e7ados; Otimiza\u00e7\u00e3o do Produto e Inova\u00e7\u00e3o Tecnol\u00f3gica Incluindo Recursos End\u00f3genos e ainda um outro eixo de pesquisa: Comunica\u00e7\u00e3o e Dissemina\u00e7\u00e3o.<\/p>\n<p>Este projecto pretende aumentar a investiga\u00e7\u00e3o cient\u00edfica e a qualifica\u00e7\u00e3o dos recursos humanos de alto n\u00edvel nas \u00e1reas da Energia, Materiais e Desenvolvimento Sustent\u00e1vel; promover a transfer\u00eancia de tecnologia e melhorar a divulga\u00e7\u00e3o e comunica\u00e7\u00e3o da ci\u00eancia. A n\u00edvel cient\u00edfico procura contribuir para a produ\u00e7\u00e3o de energia de maneira sustent\u00e1vel e reduzir o seu consumo; desenvolver materiais nano-estruturados, optimizando as suas propriedades no sentido de melhorar o seu desempenho e durabilidade, mesmo sob condi\u00e7\u00f5es operacionais adversas e reduzir custos e otimizar a produ\u00e7\u00e3o, tanto em termos de produtos como de processos, dando uma especial aten\u00e7\u00e3o \u00e0 inova\u00e7\u00e3o tecnol\u00f3gica e \u00e0 utiliza\u00e7\u00e3o racional dos recursos naturais, incluindo \u00e1gua e floresta.<\/p>\n<p>De resto, o EMaDeS ,cuja dota\u00e7\u00e3o or\u00e7amental \u00e9 de 1,4 milh\u00f5es de euros, est\u00e1 a ser desenvolvido no <em>Centre for Mechanical and Aerospace Science and Technologies <\/em>(C-MAST), em colabora\u00e7\u00e3o com o <em>Fiber Materials and Environmental Technologies<\/em> (FibEnTech) e LabCom.IFP- <em>Communication, Philosophy and Humanities<\/em>. O programa, que se prolonga at\u00e9 2020, \u00e9 apoiado por verbas comunit\u00e1rias inscritas no Portugal 2020.<\/p>\n","protected":false},"excerpt":{"rendered":"<p>Os Investigadores do projecto de Investiga\u00e7\u00e3o EMaDeS \u2013 Energia, Materiais e Desenvolvimento Sustent\u00e1vel, mostram \u00e0 comunidade acad\u00e9mica e \u00e0 sociedade em geral os resultados\/avan\u00e7os cient\u00edficos alcan\u00e7ados, at\u00e9 ao momento, no \u00e2mbito da pesquisa que est\u00e3o a realizar. Os resultados ser\u00e3o apresentados no Workshop Energia, Materiais e Desenvolvimento Sustent\u00e1vel &#8211; EMaDeS 2018, que decorre no dia&hellip;<\/p>\n","protected":false},"author":1,"featured_media":0,"comment_status":"open","ping_status":"open","sticky":false,"template":"","format":"standard","meta":[],"categories":[1],"tags":[],"_links":{"self":[{"href":"https:\/\/emades.ubi.pt\/index.php\/wp-json\/wp\/v2\/posts\/423"}],"collection":[{"href":"https:\/\/emades.ubi.pt\/index.php\/wp-json\/wp\/v2\/posts"}],"about":[{"href":"https:\/\/emades.ubi.pt\/index.php\/wp-json\/wp\/v2\/types\/post"}],"author":[{"embeddable":true,"href":"https:\/\/emades.ubi.pt\/index.php\/wp-json\/wp\/v2\/users\/1"}],"replies":[{"embeddable":true,"href":"https:\/\/emades.ubi.pt\/index.php\/wp-json\/wp\/v2\/comments?post=423"}],"version-history":[{"count":3,"href":"https:\/\/emades.ubi.pt\/index.php\/wp-json\/wp\/v2\/posts\/423\/revisions"}],"predecessor-version":[{"id":426,"href":"https:\/\/emades.ubi.pt\/index.php\/wp-json\/wp\/v2\/posts\/423\/revisions\/426"}],"wp:attachment":[{"href":"https:\/\/emades.ubi.pt\/index.php\/wp-json\/wp\/v2\/media?parent=423"}],"wp:term":[{"taxonomy":"category","embeddable":true,"href":"https:\/\/emades.ubi.pt\/index.php\/wp-json\/wp\/v2\/categories?post=423"},{"taxonomy":"post_tag","embeddable":true,"href":"https:\/\/emades.ubi.pt\/index.php\/wp-json\/wp\/v2\/tags?post=423"}],"curies":[{"name":"wp","href":"https:\/\/api.w.org\/{rel}","templated":true}]}}